{"id":22260,"date":"2026-08-31T16:10:40","date_gmt":"2026-08-31T15:10:40","guid":{"rendered":"https:\/\/www.wsd.rzeszow.pl\/?p=22260"},"modified":"2026-08-31T16:12:39","modified_gmt":"2026-08-31T15:12:39","slug":"zmiana-na-stanowisku-rektora-wsd-w-rzeszowie","status":"publish","type":"post","link":"https:\/\/www.wsd.rzeszow.pl\/?p=22260","title":{"rendered":"Zmiana na stanowisku rektora WSD w Rzeszowie"},"content":{"rendered":"\n<p class=\"wp-block-paragraph\">Decyzj\u0105 Ksi\u0119dza Biskupa Jana W\u0105troby, z dniem 1 wrze\u015bnia 2026 roku, nowym rektorem Wy\u017cszego Seminarium Duchownego w Rzeszowie zosta\u0142 ks. dr Mateusz Rachwalski. Od 2022 roku pe\u0142ni\u0142 funkcj\u0119 prefekta rzeszowskiego seminarium. Na stanowisku rektora zast\u0105pi ks. dr. hab. Adama Kubisia, prof. KUL.<\/p>\n\n\n\n<p class=\"wp-block-paragraph\">Zach\u0119camy do ods\u0142uchania wywiadu z nowym rektorem na antenie diecezjalnego <a href=\"https:\/\/radiovia.com.pl\/informacje-z-diecezji\/nowy-rektor-wyzszego-seminarium-duchownego-w-rzeszowie\">Radia Via<\/a>. <\/p>\n\n\n\n<p class=\"wp-block-paragraph\">Ks. dr Mateusz Rachwalski pochodzi z parafii pw. \u015bw. Franciszka z Asy\u017cu w Bystrzycy. \u015awi\u0119cenia kap\u0142a\u0144skie przyj\u0105\u0142 w 2013 roku w Rzeszowie. W latach 2015\u20132020 studiowa\u0142 teologi\u0119 moraln\u0105 w Accademia Alfonsiana w Rzymie, gdzie uzyska\u0142 stopie\u0144 doktora.<\/p>\n\n\n\n<p class=\"wp-block-paragraph\">Po powrocie do diecezji zaanga\u017cowa\u0142 si\u0119 w dzia\u0142alno\u015b\u0107 naukow\u0105, dydaktyczn\u0105 i formacyjn\u0105. Od 2021 roku wyk\u0142ada teologi\u0119 moraln\u0105 w Wy\u017cszym Seminarium Duchownym w Rzeszowie. Jest r\u00f3wnie\u017c postulatorem na etapie diecezjalnym procesu beatyfikacyjnego S\u0142ugi Bo\u017cego Jacka Krawczyka.<\/p>\n\n\n\n<figure class=\"wp-block-image size-large\"><img loading=\"lazy\" decoding=\"async\" width=\"1024\" height=\"1024\" src=\"https:\/\/www.wsd.rzeszow.pl\/wp-content\/uploads\/2026\/08\/Wersja-1-1024x1024.png\" alt=\"\" class=\"wp-image-22261\" srcset=\"https:\/\/www.wsd.rzeszow.pl\/wp-content\/uploads\/2026\/08\/Wersja-1-1024x1024.png 1024w, https:\/\/www.wsd.rzeszow.pl\/wp-content\/uploads\/2026\/08\/Wersja-1-150x150.png 150w, https:\/\/www.wsd.rzeszow.pl\/wp-content\/uploads\/2026\/08\/Wersja-1-300x300.png 300w, https:\/\/www.wsd.rzeszow.pl\/wp-content\/uploads\/2026\/08\/Wersja-1-768x768.png 768w, https:\/\/www.wsd.rzeszow.pl\/wp-content\/uploads\/2026\/08\/Wersja-1.png 1080w\" sizes=\"auto, (max-width: 1024px) 100vw, 1024px\" \/><\/figure>\n","protected":false},"excerpt":{"rendered":"<p>Decyzj\u0105 Ksi\u0119dza Biskupa Jana W\u0105troby, z dniem 1 wrze\u015bnia 2026 roku, nowym rektorem Wy\u017cszego Seminarium Duchownego w Rzeszowie zosta\u0142 ks. dr Mateusz Rachwalski. Od 2022 roku pe\u0142ni\u0142 funkcj\u0119 prefekta rzeszowskiego seminarium. Na stanowisku rektora zast\u0105pi ks. dr. hab. Adama Kubisia, prof. KUL. Zach\u0119camy do ods\u0142uchania wywiadu z nowym rektorem na [&hellip;]<\/p>\n","protected":false},"author":12,"featured_media":22263,"comment_status":"closed","ping_status":"open","sticky":false,"template":"","format":"standard","meta":{"ngg_post_thumbnail":0,"footnotes":""},"categories":[1],"tags":[],"class_list":["post-22260","post","type-post","status-publish","format-standard","has-post-thumbnail","hentry","category-aktualnosci"],"_links":{"self":[{"href":"https:\/\/www.wsd.rzeszow.pl\/index.php?rest_route=\/wp\/v2\/posts\/22260","targetHints":{"allow":["GET"]}}],"collection":[{"href":"https:\/\/www.wsd.rzeszow.pl\/index.php?rest_route=\/wp\/v2\/posts"}],"about":[{"href":"https:\/\/www.wsd.rzeszow.pl\/index.php?rest_route=\/wp\/v2\/types\/post"}],"author":[{"embeddable":true,"href":"https:\/\/www.wsd.rzeszow.pl\/index.php?rest_route=\/wp\/v2\/users\/12"}],"replies":[{"embeddable":true,"href":"https:\/\/www.wsd.rzeszow.pl\/index.php?rest_route=%2Fwp%2Fv2%2Fcomments&post=22260"}],"version-history":[{"count":1,"href":"https:\/\/www.wsd.rzeszow.pl\/index.php?rest_route=\/wp\/v2\/posts\/22260\/revisions"}],"predecessor-version":[{"id":22262,"href":"https:\/\/www.wsd.rzeszow.pl\/index.php?rest_route=\/wp\/v2\/posts\/22260\/revisions\/22262"}],"wp:featuredmedia":[{"embeddable":true,"href":"https:\/\/www.wsd.rzeszow.pl\/index.php?rest_route=\/wp\/v2\/media\/22263"}],"wp:attachment":[{"href":"https:\/\/www.wsd.rzeszow.pl\/index.php?rest_route=%2Fwp%2Fv2%2Fmedia&parent=22260"}],"wp:term":[{"taxonomy":"category","embeddable":true,"href":"https:\/\/www.wsd.rzeszow.pl\/index.php?rest_route=%2Fwp%2Fv2%2Fcategories&post=22260"},{"taxonomy":"post_tag","embeddable":true,"href":"https:\/\/www.wsd.rzeszow.pl\/index.php?rest_route=%2Fwp%2Fv2%2Ftags&post=22260"}],"curies":[{"name":"wp","href":"https:\/\/api.w.org\/{rel}","templated":true}]}}