{"id":21658,"date":"2026-04-28T12:35:47","date_gmt":"2026-04-28T11:35:47","guid":{"rendered":"https:\/\/www.wsd.rzeszow.pl\/?p=21658"},"modified":"2026-04-28T12:35:48","modified_gmt":"2026-04-28T11:35:48","slug":"refleksja-nad-tozsamoscia-kaplana-kongres","status":"publish","type":"post","link":"http:\/\/www.wsd.rzeszow.pl\/?p=21658","title":{"rendered":"Refleksja nad to\u017csamo\u015bci\u0105 kap\u0142ana &#8211; kongres"},"content":{"rendered":"\n<p>W dniach 24\u201325 kwietnia 2026 roku w Akademii Teologii Katolickiej w Warszawie odby\u0142 si\u0119 Mi\u0119dzynarodowy Kongres Teologiczny. Jego centralnym pytaniem by\u0142o: \u201e<em>Czy kap\u0142ani s\u0105 jeszcze potrzebni \u015bwiatu \u2013 do czego?<\/em>\u201d.<\/p>\n\n\n\n<p>W wydarzeniu wzi\u0119\u0142o udzia\u0142 ponad 300 uczestnik\u00f3w, w tym delegacja naszego seminarium wraz z ksi\u0119dzem prefektem dr. Mateuszem Rachwalskim.<\/p>\n\n\n\n<p>Kongres sta\u0142 si\u0119 wa\u017cn\u0105 okazj\u0105 do refleksji nad to\u017csamo\u015bci\u0105 kap\u0142ana oraz miejscem kap\u0142a\u0144stwa w \u015bwiecie naznaczonym g\u0142\u0119bokimi przemianami kulturowymi, kryzysem autorytetu i nowymi wyzwaniami duszpasterskimi. W\u015br\u00f3d prelegent\u00f3w znale\u017ali si\u0119 go\u015bcie z Polski i zagranicy, m.in.:<\/p>\n\n\n\n<ul class=\"wp-block-list\">\n<li>kard. Mauro Piacenza (Watykan),<\/li>\n\n\n\n<li>abp Krzysztof Nykiel (Watykan),<\/li>\n\n\n\n<li>o. Dariusz Kowalczyk SJ (Pontificia Universit\u00e0 Gregoriana, Rzym),<\/li>\n\n\n\n<li>o. Bernard Pottier SJ (Facult\u00e9s Loyola Paris),<\/li>\n\n\n\n<li>o. Alfonso Amarante CSsR (Pontificia Accademia Alfonsiana, Rzym),<\/li>\n\n\n\n<li>o. Andrzej Wodka CSsR (Pontificia Accademia Alfonsiana, Rzym),<\/li>\n\n\n\n<li>Isabel Le\u00f3n Sanz (Uniwersytet Nawarry).<\/li>\n<\/ul>\n\n\n\n\n\n<p><\/p>\n","protected":false},"excerpt":{"rendered":"<p>W dniach 24\u201325 kwietnia 2026 roku w Akademii Teologii Katolickiej w Warszawie odby\u0142 si\u0119 Mi\u0119dzynarodowy Kongres Teologiczny. Jego centralnym pytaniem by\u0142o: \u201eCzy kap\u0142ani s\u0105 jeszcze potrzebni \u015bwiatu \u2013 do czego?\u201d. W wydarzeniu wzi\u0119\u0142o udzia\u0142 ponad 300 uczestnik\u00f3w, w tym delegacja naszego seminarium wraz z ksi\u0119dzem prefektem dr. Mateuszem Rachwalskim. Kongres [&hellip;]<\/p>\n","protected":false},"author":12,"featured_media":21660,"comment_status":"closed","ping_status":"open","sticky":false,"template":"","format":"standard","meta":{"ngg_post_thumbnail":0,"footnotes":""},"categories":[1],"tags":[],"class_list":["post-21658","post","type-post","status-publish","format-standard","has-post-thumbnail","hentry","category-aktualnosci"],"_links":{"self":[{"href":"http:\/\/www.wsd.rzeszow.pl\/index.php?rest_route=\/wp\/v2\/posts\/21658","targetHints":{"allow":["GET"]}}],"collection":[{"href":"http:\/\/www.wsd.rzeszow.pl\/index.php?rest_route=\/wp\/v2\/posts"}],"about":[{"href":"http:\/\/www.wsd.rzeszow.pl\/index.php?rest_route=\/wp\/v2\/types\/post"}],"author":[{"embeddable":true,"href":"http:\/\/www.wsd.rzeszow.pl\/index.php?rest_route=\/wp\/v2\/users\/12"}],"replies":[{"embeddable":true,"href":"http:\/\/www.wsd.rzeszow.pl\/index.php?rest_route=%2Fwp%2Fv2%2Fcomments&post=21658"}],"version-history":[{"count":1,"href":"http:\/\/www.wsd.rzeszow.pl\/index.php?rest_route=\/wp\/v2\/posts\/21658\/revisions"}],"predecessor-version":[{"id":21661,"href":"http:\/\/www.wsd.rzeszow.pl\/index.php?rest_route=\/wp\/v2\/posts\/21658\/revisions\/21661"}],"wp:featuredmedia":[{"embeddable":true,"href":"http:\/\/www.wsd.rzeszow.pl\/index.php?rest_route=\/wp\/v2\/media\/21660"}],"wp:attachment":[{"href":"http:\/\/www.wsd.rzeszow.pl\/index.php?rest_route=%2Fwp%2Fv2%2Fmedia&parent=21658"}],"wp:term":[{"taxonomy":"category","embeddable":true,"href":"http:\/\/www.wsd.rzeszow.pl\/index.php?rest_route=%2Fwp%2Fv2%2Fcategories&post=21658"},{"taxonomy":"post_tag","embeddable":true,"href":"http:\/\/www.wsd.rzeszow.pl\/index.php?rest_route=%2Fwp%2Fv2%2Ftags&post=21658"}],"curies":[{"name":"wp","href":"https:\/\/api.w.org\/{rel}","templated":true}]}}