{"id":21314,"date":"2026-03-07T11:31:49","date_gmt":"2026-03-07T10:31:49","guid":{"rendered":"https:\/\/www.wsd.rzeszow.pl\/?p=21314"},"modified":"2026-03-07T11:31:50","modified_gmt":"2026-03-07T10:31:50","slug":"rekolekcje-wielkopostne-i-nowe-poslugi","status":"publish","type":"post","link":"http:\/\/www.wsd.rzeszow.pl\/?p=21314","title":{"rendered":"Rekolekcje wielkopostne i nowe pos\u0142ugi"},"content":{"rendered":"\n<p>W dniach 2\u20137 marca nasza wsp\u00f3lnota seminaryjna prze\u017cywa\u0142a rekolekcje wielkopostne. Przewodnim has\u0142em tych tegorocznych, wielkopostnych dni skupienia sta\u0142y si\u0119 s\u0142owa z Ksi\u0119gi Rodzaju: <strong><em>\u201eNie jest dobrze, \u017ceby m\u0119\u017cczyzna by\u0142 sam\u201d (Rdz 2,18) (od samotno\u015bci do wsp\u00f3lnoty i przyja\u017ani z Bogiem). <\/em><\/strong>Nauki wyg\u0142osi\u0142 <strong>ks. dr Wojciech Rzeszowski<\/strong>, kt\u00f3rego s\u0142owa prowadzi\u0142y nas przez kolejne dni.<\/p>\n\n\n\n<p>Ka\u017cdego dnia S\u0142owo Bo\u017ce pozwala\u0142o nam odnajdywa\u0107 siebie w r\u00f3\u017cnych postaciach biblijnych m.in.: <\/p>\n\n\n\n<ul class=\"wp-block-list\">\n<li>G\u0142uchoniemy z Ewangelii \u015bw. Marka przypomnia\u0142 nam, jak bardzo ka\u017cdy z nas \u2013 na r\u00f3\u017cnym poziomie \u2013 zmaga si\u0119 z prawdziwym s\u0142uchaniem i szczerym m\u00f3wieniem; zar\u00f3wno wobec Boga, jak i wobec drugiego cz\u0142owieka.<\/li>\n\n\n\n<li>Wraz z uczniami Jana us\u0142yszeli\u015bmy pytanie Jezusa: <strong>\u201eCzego szukacie?\u201d<\/strong> (J 1,38). To pytanie sta\u0142o si\u0119 dla nas zaproszeniem, by wpu\u015bci\u0107 Pana do wszystkich zak\u0105tk\u00f3w naszego \u017cycia i odkrywa\u0107 na nowo, \u017ce wiara rodzi si\u0119 ze s\u0142uchania, a potem staje si\u0119 \u017cywym do\u015bwiadczeniem Boga w codzienno\u015bci.<\/li>\n\n\n\n<li>S\u0142owa wypowiedziane do Szymona-Piotra: <strong>\u201eWyp\u0142y\u0144 na g\u0142\u0119bi\u0119 i zarzu\u0107cie sieci na po\u0142\u00f3w\u201d<\/strong> (\u0141k 5,4) poruszy\u0142y nas do g\u0142\u0119bi. Pragniemy by\u0107 zawsze blisko Jezusa \u2013 czasem wr\u0119cz walczy\u0107 o ten czas sp\u0119dzony z Nim. On przychodzi niespodziewanie, cz\u0119sto niezauwa\u017cony, tak jak przyszed\u0142 wtedy na brzegu Jeziora Genezaret.<\/li>\n<\/ul>\n\n\n\n<p>Cisz\u0119 rekolekcyjn\u0105 wype\u0142ni\u0142a tak\u017ce szczeg\u00f3lna refleksja nad postaciami Maryi i \u015bw. J\u00f3zefa \u2013 tych, kt\u00f3rzy w najpe\u0142niejszy spos\u00f3b ukazuj\u0105 cnoty tak bardzo potrzebne w \u017cyciu i pos\u0142udze kap\u0142ana.<\/p>\n\n\n\n<p>Czas wielkopostnych rekolekcji to zawsze tak\u017ce spojrzenie wstecz z nadziej\u0105 w przysz\u0142o\u015b\u0107. Pytali\u015bmy samych siebie: Jak dot\u0105d przyjmowali\u015bmy to, co Pan nam dawa\u0142? Czy ziarno S\u0142owa, kt\u00f3re hojnie zasia\u0142 w naszych sercach, pad\u0142o na ska\u0142\u0119, pomi\u0119dzy ciernie, na drog\u0119, czy mo\u017ce na dobr\u0105, \u017cyzn\u0105 ziemi\u0119? A mo\u017ce zbyt cz\u0119sto tonie w szumie naszych w\u0142asnych my\u015bli i po\u015bpiechu? <\/p>\n\n\n\n<p>Obok rozwa\u017ca\u0144 biblijnych, w kt\u00f3rych towarzyszy\u0142 nam Jezus nieustannie nas szukaj\u0105cy, ks. rekolekcjonista wyg\u0142osi\u0142 tak\u017ce konferencje o charakterze formacyjnym. Poruszy\u0142y one fundamentalne tematy naszego ludzkiego i przysz\u0142ego kap\u0142a\u0144skiego dojrzewania \u2013 poszerzaj\u0105c horyzonty i daj\u0105c impuls do dalszej pracy nad sob\u0105.<\/p>\n\n\n\n<p>Wychodzimy z tych rekolekcji z gor\u0105cym pragnieniem, by sta\u0107 si\u0119 prawdziwymi przyjaci\u00f3\u0142mi Jezusa. Wiemy jednak, \u017ce ta droga nie jest \u0142atwa. Chrystus id\u0105c na Golgot\u0119 nie wybiera\u0142 wygodnej \u015bcie\u017cki. My r\u00f3wnie\u017c \u2013 id\u0105c za Nim \u2013 mamy przemierza\u0107 drog\u0119 mi\u0142o\u015bci, na kt\u00f3rej mie\u015bci si\u0119 wszystko, co ludzkie: s\u0142abo\u015b\u0107, zmaganie, upadki, ale i \u0142zy nawr\u00f3cenia.<\/p>\n\n\n\n<p>Niech ta wielkopostna \u0142aska trwa w nas i owocuje przez ca\u0142y nadchodz\u0105cy czas przygotowania do Paschy.<\/p>\n\n\n\n<p>Na zako\u0144czenie rekolekcji wielkopostnych, podczas porannej Eucharystii, kt\u00f3rej przewodniczy\u0142 <strong>Ksi\u0105dz Biskup Edward Bia\u0142og\u0142owski<\/strong>, z rado\u015bci\u0105 i wdzi\u0119czno\u015bci\u0105 wobec Pana Boga niekt\u00f3rzy z naszych braci kleryk\u00f3w podj\u0119li nowe pos\u0142ugi liturgiczne:<\/p>\n\n\n\n<p><strong>Akolitat<\/strong> przyj\u0119li bracia z IV roku: <em>kl. Marcin Pruchnicki, kl. Szymon Skiba<\/em><\/p>\n\n\n\n<p><strong>Lektorat<\/strong> przyj\u0119li bracia z III roku:<em> kl. Wiktor Gondek, kl. Kamil Jakubek, kl. Jakub J\u0119drzejczyk, kl. Dawid Kalisztan<\/em><\/p>\n\n\n\n<p>Niech b\u0119dzie uwielbiony B\u00f3g w tych kolejnych, tak wa\u017cnych momentach seminaryjnej formacji, kt\u00f3re zbli\u017caj\u0105 naszych braci do stopni O\u0142tarza!<\/p>\n\n\n\n<blockquote class=\"wp-block-quote is-layout-flow wp-block-quote-is-layout-flow\">\n<p><strong>Ks. dr Wojciech Rzeszowski\u00a0<\/strong>jest diecezjalnym delegatem ds. ochrony dzieci i m\u0142odzie\u017cy oraz\u00a0 odpowiedzialnym za prewencj\u0119 w archidiecezji gnie\u017anie\u0144skiej i sta\u0142ym wsp\u00f3\u0142pracownikiem Centrum Ochrony Dziecka ze statusem eksperta ds. ochrony dziecka. Uczestniczy w pracach Rady przy Delegacie KEP ds. ochrony dzieci i m\u0142odzie\u017cy jako przedstawiciel grupy delegat\u00f3w diecezjalnych i zakonnych. Koordynator corocznych szkole\u0144 dla delegat\u00f3w z ca\u0142ej Polski, organizowanych we wsp\u00f3\u0142pracy z Centrum Ochrony Dziecka i Fundacj\u0105 \u015awi\u0119tego J\u00f3zefa KEP, a tak\u017ce organizator cyklicznych szkole\u0144 dla wychowawc\u00f3w seminaryjnych po\u015bwi\u0119conych zagadnieniu dojrza\u0142o\u015bci psychoseksualnej. Wi\u0119kszo\u015b\u0107 cz\u0119\u015b\u0107 \u017cycia kap\u0142a\u0144skiego zajmowa\u0142 si\u0119 formacj\u0105. W latach 2007-2016 by\u0142 rektorem Prymasowskiego Wy\u017cszego Seminarium Duchownego w Gnie\u017anie i przez dwa lata kadencji tak\u017ce przewodnicz\u0105cym Og\u00f3lnopolskiej Konferencji Rektor\u00f3w WSD. Od 2017 r. jest sekretarzem Komisji Duchowie\u0144stwa Konferencji Episkopatu Polski. Ostatnie lata pe\u0142ni\u0142 funkcj\u0119 dyrektora Centrum Edukacyjno-Formacyjnego w Gnie\u017anie. <em>(\u017ar\u00f3d\u0142o: KEP)<\/em><\/p>\n<\/blockquote>\n\n\n\nngg_shortcode_0_placeholder\n","protected":false},"excerpt":{"rendered":"<p>W dniach 2\u20137 marca nasza wsp\u00f3lnota seminaryjna prze\u017cywa\u0142a rekolekcje wielkopostne. Przewodnim has\u0142em tych tegorocznych, wielkopostnych dni skupienia sta\u0142y si\u0119 s\u0142owa z Ksi\u0119gi Rodzaju: \u201eNie jest dobrze, \u017ceby m\u0119\u017cczyzna by\u0142 sam\u201d (Rdz 2,18) (od samotno\u015bci do wsp\u00f3lnoty i przyja\u017ani z Bogiem). Nauki wyg\u0142osi\u0142 ks. dr Wojciech Rzeszowski, kt\u00f3rego s\u0142owa prowadzi\u0142y nas [&hellip;]<\/p>\n","protected":false},"author":12,"featured_media":21316,"comment_status":"closed","ping_status":"open","sticky":false,"template":"","format":"standard","meta":{"ngg_post_thumbnail":0,"footnotes":""},"categories":[1],"tags":[],"class_list":["post-21314","post","type-post","status-publish","format-standard","has-post-thumbnail","hentry","category-aktualnosci"],"_links":{"self":[{"href":"http:\/\/www.wsd.rzeszow.pl\/index.php?rest_route=\/wp\/v2\/posts\/21314","targetHints":{"allow":["GET"]}}],"collection":[{"href":"http:\/\/www.wsd.rzeszow.pl\/index.php?rest_route=\/wp\/v2\/posts"}],"about":[{"href":"http:\/\/www.wsd.rzeszow.pl\/index.php?rest_route=\/wp\/v2\/types\/post"}],"author":[{"embeddable":true,"href":"http:\/\/www.wsd.rzeszow.pl\/index.php?rest_route=\/wp\/v2\/users\/12"}],"replies":[{"embeddable":true,"href":"http:\/\/www.wsd.rzeszow.pl\/index.php?rest_route=%2Fwp%2Fv2%2Fcomments&post=21314"}],"version-history":[{"count":1,"href":"http:\/\/www.wsd.rzeszow.pl\/index.php?rest_route=\/wp\/v2\/posts\/21314\/revisions"}],"predecessor-version":[{"id":21317,"href":"http:\/\/www.wsd.rzeszow.pl\/index.php?rest_route=\/wp\/v2\/posts\/21314\/revisions\/21317"}],"wp:featuredmedia":[{"embeddable":true,"href":"http:\/\/www.wsd.rzeszow.pl\/index.php?rest_route=\/wp\/v2\/media\/21316"}],"wp:attachment":[{"href":"http:\/\/www.wsd.rzeszow.pl\/index.php?rest_route=%2Fwp%2Fv2%2Fmedia&parent=21314"}],"wp:term":[{"taxonomy":"category","embeddable":true,"href":"http:\/\/www.wsd.rzeszow.pl\/index.php?rest_route=%2Fwp%2Fv2%2Fcategories&post=21314"},{"taxonomy":"post_tag","embeddable":true,"href":"http:\/\/www.wsd.rzeszow.pl\/index.php?rest_route=%2Fwp%2Fv2%2Ftags&post=21314"}],"curies":[{"name":"wp","href":"https:\/\/api.w.org\/{rel}","templated":true}]}}